{"id":10002479,"global_id":"www.ovronnaz.ch\/en\/?id=10002479","global_id_lineage":["www.ovronnaz.ch\/en\/?id=10002479"],"author":"1","status":"publish","date":"2025-04-29 16:41:24","date_utc":"2025-04-29 14:41:24","modified":"2025-05-05 10:22:38","modified_utc":"2025-05-05 08:22:38","url":"https:\/\/www.ovronnaz.ch\/en\/event\/monde-des-abeilles\/2025-07-03\/","rest_url":"https:\/\/www.ovronnaz.ch\/en\/wp-json\/tribe\/events\/v1\/events\/10002479","title":"Monde des abeilles","description":"<h2>Le Monde des abeilles<\/h2>\n<h5>tous les jeudis apr\u00e8s-midi de 14h \u00e0 16h<\/h5>\n<div dir=\"ltr\">\n<div>\n<p class=\"p1\">En compagnie de Michel, d\u00e9couvre le monde fascinant des abeilles. Apr\u00e8s une petite marche \u00e0 travers la for\u00eat et les pr\u00e9s, rejoins les ruches. Tu pourras observer le travail des butineuses et d\u00e9guster leur nectar. Evite la laque ou le parfum, les abeilles ont horreur de ces odeurs fortes.<br \/>\nEt surtout, pr\u00e9vois des manches longues et des pantalons pour ton confort. Les voilettes sont fournies aux participants.<br \/>\nReine, ouvri\u00e8res, miel, miellat, alv\u00e9oles, ruche, cadre, Michel t\u2019initiera au vocabulaire apicole.<\/p>\n<p>Une\u00a0<strong>feuille de d\u00e9charge<\/strong>\u00a0en cas d\u2019allergie est \u00e0 signer imp\u00e9rativement \u00e0 l\u2019office du tourisme.<\/p>\n<p class=\"p1\">Rendez-vous \u00e0 l&#8217;office du tourisme<\/p>\n<\/div>\n<\/div>\n<p>d\u00e8s 6 ans, les enfants doivent \u00eatre accompagn\u00e9s d&#8217;un adulte<\/p>\n<p>Offert avec le Pass Activit\u00e9s ou 15 CHF<br \/>\nInscription obligatoire jusqu\u2019\u00e0 16h la veille, places limit\u00e9es<\/p>\n<p><strong>Office du Tourisme d\u2019Ovronnaz<\/strong><br \/>\n<i class=\"fa fa-phone \"><\/i><a href=\"tel:+41 (0)27 306 42 93\" target=\"_blank\" rel=\"noopener noreferrer\">+41(0)27\/306.42.93<\/a><\/p>\n<p><i class=\"fa fa-envelope-o \"><\/i><a href=\"mailto:info@ovronnaz.ch\" target=\"_blank\" rel=\"noopener noreferrer\">info@ovronnaz.ch<\/a><\/p>\n<h2><img decoding=\"async\" class=\"alignnone wp-image-38848\" src=\"https:\/\/www.ovronnaz.ch\/wp-content\/uploads\/2024\/04\/fdd4c12f-3653-4654-988f-2f8e5954ea84_rw_1920.jpg\" alt=\"\" width=\"525\" height=\"350\" \/><\/h2>\n<p>&nbsp;<\/p>","excerpt":"<p>En compagnie de Michel, d\u00e9couvre le monde fascinant des abeilles.<\/p>","slug":"monde-des-abeilles","image":{"url":"https:\/\/www.ovronnaz.ch\/wp-content\/uploads\/2025\/03\/monde_des_abeilles_2-scaled.jpg","id":41473,"extension":"jpg","width":1920,"height":2880,"filesize":766269,"sizes":{"medium":{"width":200,"height":300,"mime-type":"image\/jpeg","filesize":47948,"url":"https:\/\/www.ovronnaz.ch\/wp-content\/uploads\/2025\/03\/monde_des_abeilles_2-200x300.jpg"},"large":{"width":683,"height":1024,"mime-type":"image\/jpeg","filesize":159000,"url":"https:\/\/www.ovronnaz.ch\/wp-content\/uploads\/2025\/03\/monde_des_abeilles_2-683x1024.jpg"},"thumbnail":{"width":150,"height":150,"mime-type":"image\/jpeg","filesize":38676,"url":"https:\/\/www.ovronnaz.ch\/wp-content\/uploads\/2025\/03\/monde_des_abeilles_2-150x150.jpg"},"medium_large":{"width":768,"height":1152,"mime-type":"image\/jpeg","filesize":186463,"url":"https:\/\/www.ovronnaz.ch\/wp-content\/uploads\/2025\/03\/monde_des_abeilles_2-768x1152.jpg"},"1536x1536":{"width":1024,"height":1536,"mime-type":"image\/jpeg","filesize":284567,"url":"https:\/\/www.ovronnaz.ch\/wp-content\/uploads\/2025\/03\/monde_des_abeilles_2-1024x1536.jpg"},"2048x2048":{"width":1365,"height":2048,"mime-type":"image\/jpeg","filesize":445725,"url":"https:\/\/www.ovronnaz.ch\/wp-content\/uploads\/2025\/03\/monde_des_abeilles_2-1365x2048.jpg"},"et-pb-post-main-image":{"width":400,"height":250,"mime-type":"image\/jpeg","filesize":54766,"url":"https:\/\/www.ovronnaz.ch\/wp-content\/uploads\/2025\/03\/monde_des_abeilles_2-400x250.jpg"},"et-pb-post-main-image-fullwidth":{"width":1080,"height":675,"mime-type":"image\/jpeg","filesize":160580,"url":"https:\/\/www.ovronnaz.ch\/wp-content\/uploads\/2025\/03\/monde_des_abeilles_2-1080x675.jpg"},"et-pb-portfolio-image":{"width":400,"height":284,"mime-type":"image\/jpeg","filesize":57798,"url":"https:\/\/www.ovronnaz.ch\/wp-content\/uploads\/2025\/03\/monde_des_abeilles_2-400x284.jpg"},"et-pb-portfolio-module-image":{"width":510,"height":382,"mime-type":"image\/jpeg","filesize":72359,"url":"https:\/\/www.ovronnaz.ch\/wp-content\/uploads\/2025\/03\/monde_des_abeilles_2-510x382.jpg"},"et-pb-portfolio-image-single":{"width":1080,"height":1620,"mime-type":"image\/jpeg","filesize":309369,"url":"https:\/\/www.ovronnaz.ch\/wp-content\/uploads\/2025\/03\/monde_des_abeilles_2-1080x1620.jpg"},"et-pb-gallery-module-image-portrait":{"width":400,"height":516,"mime-type":"image\/jpeg","filesize":77120,"url":"https:\/\/www.ovronnaz.ch\/wp-content\/uploads\/2025\/03\/monde_des_abeilles_2-400x516.jpg"},"et-pb-post-main-image-fullwidth-large":{"width":2880,"height":1800,"mime-type":"image\/jpeg","filesize":748441,"url":"https:\/\/www.ovronnaz.ch\/wp-content\/uploads\/2025\/03\/monde_des_abeilles_2-2880x1800.jpg"},"et-pb-image--responsive--desktop":{"width":1280,"height":1920,"mime-type":"image\/jpeg","filesize":401539,"url":"https:\/\/www.ovronnaz.ch\/wp-content\/uploads\/2025\/03\/monde_des_abeilles_2-1280x1920.jpg"},"et-pb-image--responsive--tablet":{"width":980,"height":1470,"mime-type":"image\/jpeg","filesize":267226,"url":"https:\/\/www.ovronnaz.ch\/wp-content\/uploads\/2025\/03\/monde_des_abeilles_2-980x1470.jpg"},"et-pb-image--responsive--phone":{"width":480,"height":720,"mime-type":"image\/jpeg","filesize":101809,"url":"https:\/\/www.ovronnaz.ch\/wp-content\/uploads\/2025\/03\/monde_des_abeilles_2-480x720.jpg"},"dmg_image_small":{"width":480,"height":720,"mime-type":"image\/jpeg","filesize":101809,"url":"https:\/\/www.ovronnaz.ch\/wp-content\/uploads\/2025\/03\/monde_des_abeilles_2-480x720.jpg"},"dmg_image_medium":{"width":980,"height":1470,"mime-type":"image\/jpeg","filesize":267226,"url":"https:\/\/www.ovronnaz.ch\/wp-content\/uploads\/2025\/03\/monde_des_abeilles_2-980x1470.jpg"},"dmg_image_large":{"width":1400,"height":2100,"mime-type":"image\/jpeg","filesize":463584,"url":"https:\/\/www.ovronnaz.ch\/wp-content\/uploads\/2025\/03\/monde_des_abeilles_2-1400x2100.jpg"},"dmg_image_extra_large":{"width":1920,"height":2880,"mime-type":"image\/jpeg","filesize":766280,"url":"https:\/\/www.ovronnaz.ch\/wp-content\/uploads\/2025\/03\/monde_des_abeilles_2-1920x2880.jpg"}},"original_image":"monde_des_abeilles_2.jpg"},"all_day":false,"start_date":"2025-07-03 14:00:00","start_date_details":{"year":"2025","month":"07","day":"03","hour":"14","minutes":"00","seconds":"00"},"end_date":"2025-07-03 16:00:00","end_date_details":{"year":"2025","month":"07","day":"03","hour":"16","minutes":"00","seconds":"00"},"utc_start_date":"2025-07-03 12:00:00","utc_start_date_details":{"year":"2025","month":"07","day":"03","hour":"12","minutes":"00","seconds":"00"},"utc_end_date":"2025-07-03 14:00:00","utc_end_date_details":{"year":"2025","month":"07","day":"03","hour":"14","minutes":"00","seconds":"00"},"timezone":"Europe\/Zurich","timezone_abbr":"CEST","cost":"Free","cost_details":{"currency_symbol":"CHF","currency_code":"CHF","currency_position":"suffix","values":["0"]},"website":"","show_map":false,"show_map_link":true,"hide_from_listings":false,"sticky":false,"featured":false,"categories":[{"name":"Weekly Summer","slug":"estivales","term_group":0,"term_taxonomy_id":64,"taxonomy":"tribe_events_cat","description":"","parent":0,"count":30,"filter":"raw","term_order":"0","id":64,"urls":{"self":"https:\/\/www.ovronnaz.ch\/en\/wp-json\/tribe\/events\/v1\/categories\/64","collection":"https:\/\/www.ovronnaz.ch\/en\/wp-json\/tribe\/events\/v1\/categories"}},{"name":"Organised by the Tourist Office","slug":"office-du-tourisme","term_group":0,"term_taxonomy_id":106,"taxonomy":"tribe_events_cat","description":"Ev\u00e9nements et animations organis\u00e9s par l'Office du tourisme d'Ovronnaz ","parent":0,"count":164,"filter":"raw","term_order":"0","id":106,"urls":{"self":"https:\/\/www.ovronnaz.ch\/en\/wp-json\/tribe\/events\/v1\/categories\/106","collection":"https:\/\/www.ovronnaz.ch\/en\/wp-json\/tribe\/events\/v1\/categories"}}],"tags":[],"venue":{"id":32939,"author":"2","status":"publish","date":"2023-09-09 16:23:38","date_utc":"2023-09-09 14:23:38","modified":"2023-09-09 16:23:38","modified_utc":"2023-09-09 14:23:38","url":"https:\/\/www.ovronnaz.ch\/en\/tribe_venue\/ovronnaz\/","venue":"Ovronnaz","slug":"ovronnaz","json_ld":{"@type":"Place","name":"Ovronnaz","description":"","url":"https:\/\/www.ovronnaz.ch\/en\/tribe_venue\/ovronnaz\/","address":{"@type":"PostalAddress"},"telephone":"","sameAs":""},"show_map":true,"show_map_link":true,"global_id":"www.ovronnaz.ch\/en\/?id=32939","global_id_lineage":["www.ovronnaz.ch\/en\/?id=32939"]},"organizer":[{"id":32961,"author":"2","status":"publish","date":"2023-09-09 16:42:23","date_utc":"2023-09-09 14:42:23","modified":"2025-03-11 11:37:08","modified_utc":"2025-03-11 10:37:08","url":"https:\/\/www.ovronnaz.ch\/en\/tribe_organizer\/office-du-tourisme-dovronnaz\/","organizer":"Office du Tourisme d\u2019Ovronnaz","description":"<p>[et_pb_section fb_built=&#8221;1&#8243; theme_builder_area=&#8221;post_content&#8221; _builder_version=&#8221;4.27.4&#8243; _module_preset=&#8221;default&#8221;][\/et_pb_section]<\/p>","slug":"office-du-tourisme-dovronnaz","phone":"+41273064293","email":"info@ovronnaz.ch","json_ld":{"@type":"Person","name":"Office du Tourisme d\u2019Ovronnaz","description":"","url":"","telephone":"+41273064293","email":"in&#102;o&#64;&#111;vr&#111;&#110;na&#122;&#46;&#99;h","sameAs":""},"global_id":"www.ovronnaz.ch\/en\/?id=32961","global_id_lineage":["www.ovronnaz.ch\/en\/?id=32961"]}],"custom_fields":[],"json_ld":{"@context":"http:\/\/schema.org","@type":"Event","name":"Monde des abeilles","description":"&lt;p&gt;En compagnie de Michel, d\u00e9couvre le monde fascinant des abeilles.&lt;\/p&gt;\\n","image":"https:\/\/www.ovronnaz.ch\/wp-content\/uploads\/2025\/03\/monde_des_abeilles_2-scaled.jpg","url":"https:\/\/www.ovronnaz.ch\/en\/event\/monde-des-abeilles\/2025-07-03\/","eventAttendanceMode":"https:\/\/schema.org\/OfflineEventAttendanceMode","eventStatus":"https:\/\/schema.org\/EventScheduled","startDate":"2025-07-03T14:00:00+02:00","endDate":"2025-07-03T16:00:00+02:00","location":{"@type":"Place","name":"Ovronnaz","description":"","url":"https:\/\/www.ovronnaz.ch\/en\/tribe_venue\/ovronnaz\/","address":{"@type":"PostalAddress"},"telephone":"","sameAs":""},"organizer":{"@type":"Person","name":"Office du Tourisme d\u2019Ovronnaz","description":"","url":"","telephone":"+41273064293","email":"i&#110;&#102;&#111;&#64;o&#118;&#114;on&#110;a&#122;&#46;c&#104;","sameAs":""},"offers":{"@type":"Offer","price":"0","priceCurrency":"CHF","url":"https:\/\/www.ovronnaz.ch\/en\/event\/monde-des-abeilles\/2025-07-03\/","category":"primary","availability":"inStock","validFrom":"2025-04-29T00:00:00+00:00"},"performer":"Organization"},"is_virtual":false,"virtual_url":null,"virtual_video_source":""}